{"id":1194,"date":"2022-06-28T14:04:46","date_gmt":"2022-06-28T12:04:46","guid":{"rendered":"https:\/\/tln-aqua.ch\/?p=1194"},"modified":"2022-07-14T13:10:19","modified_gmt":"2022-07-14T11:10:19","slug":"communique-fin-de-la-restriction-deau-potable","status":"publish","type":"post","link":"https:\/\/tln-aqua.ch\/fr\/communique-fin-de-la-restriction-deau-potable\/","title":{"rendered":"Communiqu\u00e9 &#8211; Fin de la restriction d&rsquo;eau potable"},"content":{"rendered":"<p>Le 16 juin dernier, le Service des eaux TLN et son ma\u00eetre fontainier, ont communiqu\u00e9 aux m\u00e9dias ainsi qu\u2019aux communes un avis de restriction de l\u2019eau potable sur le territoire des trois communes desservies par nos services. La restriction a pris fin le 27 juin. Plus d&rsquo;informations dans le <a href=\"https:\/\/tln-aqua.ch\/wp-content\/uploads\/2022\/06\/communique_restriction_TLN_FR.pdf\">communiqu\u00e9 du 27.06.2022<\/a><\/p>\n","protected":false},"excerpt":{"rendered":"<p>Le 16 juin dernier, le Service des eaux TLN et son ma\u00eetre fontainier, ont communiqu\u00e9 aux m\u00e9dias ainsi qu\u2019aux communes un avis de restriction de l\u2019eau potable sur le territoire des trois communes desservies par nos services. La restriction a pris fin le 27 juin. Plus d&rsquo;informations dans le communiqu\u00e9 du 27.06.2022<\/p>\n","protected":false},"author":3,"featured_media":1201,"comment_status":"closed","ping_status":"open","sticky":false,"template":"","format":"standard","meta":{"footnotes":""},"categories":[2],"tags":[],"class_list":["post-1194","post","type-post","status-publish","format-standard","has-post-thumbnail","hentry","category-news"],"_links":{"self":[{"href":"https:\/\/tln-aqua.ch\/fr\/wp-json\/wp\/v2\/posts\/1194","targetHints":{"allow":["GET"]}}],"collection":[{"href":"https:\/\/tln-aqua.ch\/fr\/wp-json\/wp\/v2\/posts"}],"about":[{"href":"https:\/\/tln-aqua.ch\/fr\/wp-json\/wp\/v2\/types\/post"}],"author":[{"embeddable":true,"href":"https:\/\/tln-aqua.ch\/fr\/wp-json\/wp\/v2\/users\/3"}],"replies":[{"embeddable":true,"href":"https:\/\/tln-aqua.ch\/fr\/wp-json\/wp\/v2\/comments?post=1194"}],"version-history":[{"count":2,"href":"https:\/\/tln-aqua.ch\/fr\/wp-json\/wp\/v2\/posts\/1194\/revisions"}],"predecessor-version":[{"id":1212,"href":"https:\/\/tln-aqua.ch\/fr\/wp-json\/wp\/v2\/posts\/1194\/revisions\/1212"}],"wp:featuredmedia":[{"embeddable":true,"href":"https:\/\/tln-aqua.ch\/fr\/wp-json\/wp\/v2\/media\/1201"}],"wp:attachment":[{"href":"https:\/\/tln-aqua.ch\/fr\/wp-json\/wp\/v2\/media?parent=1194"}],"wp:term":[{"taxonomy":"category","embeddable":true,"href":"https:\/\/tln-aqua.ch\/fr\/wp-json\/wp\/v2\/categories?post=1194"},{"taxonomy":"post_tag","embeddable":true,"href":"https:\/\/tln-aqua.ch\/fr\/wp-json\/wp\/v2\/tags?post=1194"}],"curies":[{"name":"wp","href":"https:\/\/api.w.org\/{rel}","templated":true}]}}